{"id":865,"date":"2026-04-28T00:44:27","date_gmt":"2026-04-28T00:44:27","guid":{"rendered":"https:\/\/radiogzplus.com\/?p=865"},"modified":"2026-04-28T00:44:42","modified_gmt":"2026-04-28T00:44:42","slug":"la-mala-racha-de-libertad-se-alarga-tras-nueva-derrota","status":"publish","type":"post","link":"https:\/\/radiogzplus.com\/index.php\/2026\/04\/28\/la-mala-racha-de-libertad-se-alarga-tras-nueva-derrota\/","title":{"rendered":"La mala racha de Libertad se alarga tras nueva derrota"},"content":{"rendered":"\n<figure class=\"wp-block-image size-full\"><img fetchpriority=\"high\" decoding=\"async\" width=\"800\" height=\"400\" src=\"https:\/\/radiogzplus.com\/wp-content\/uploads\/2026\/04\/libertad-vs-macara.webp\" alt=\"\" class=\"wp-image-866\" srcset=\"https:\/\/radiogzplus.com\/wp-content\/uploads\/2026\/04\/libertad-vs-macara.webp 800w, https:\/\/radiogzplus.com\/wp-content\/uploads\/2026\/04\/libertad-vs-macara-300x150.webp 300w, https:\/\/radiogzplus.com\/wp-content\/uploads\/2026\/04\/libertad-vs-macara-768x384.webp 768w\" sizes=\"(max-width: 800px) 100vw, 800px\" \/><\/figure>\n\n\n\n<p class=\"has-white-color has-luminous-vivid-orange-to-vivid-red-gradient-background has-text-color has-background has-link-color wp-elements-e3f0c0e0b423c5bf87a941030ee827ff\"><strong>Libertad FC no logra salir de su mal momento y cay\u00f3 3-0 en su visita a Macar\u00e1\u00a0en Ambato, por la fecha 11 de la LigaPro.<\/strong><\/p>\n\n\n\n<p><strong>Partido<\/strong><\/p>\n\n\n\n<p>La tarde de este domingo 26 de abril de 2026, el equipo lojano fue sorprendido desde el inicio. A los 11 minutos, Tommy Chamba abri\u00f3 el marcador de cabeza y, al 16\u2019, Mart\u00edn Tello ampli\u00f3 la ventaja con un remate desde fuera del \u00e1rea, lo que condicion\u00f3 el desarrollo del encuentro para Libertad.<\/p>\n\n\n\n<p>En el segundo tiempo, pese a las variantes, el cuadro dirigido por el \u2018Pech\u00f3n\u2019 Le\u00f3n no encontr\u00f3 respuestas ni logr\u00f3 generar mayor peligro. Finalmente, al minuto 77, Jos\u00e9 Marrufo sell\u00f3 el 3-0 definitivo.<\/p>\n\n\n\n<p>Con este resultado, Libertad se mantiene en la parte baja de la tabla con 10 puntos y se prepara para recibir en casa a Aucas.<\/p>\n\n\n\n<p class=\"has-luminous-vivid-orange-background-color has-background\"><strong>Tomado de Diario CR\u00d3NICA\/Loja<\/strong><\/p>\n","protected":false},"excerpt":{"rendered":"<p>Libertad FC no logra salir de su mal momento y cay\u00f3 3-0 en su visita a Macar\u00e1\u00a0en Ambato, por la fecha 11 de la LigaPro. Partido La tarde de este&hellip; <\/p>\n","protected":false},"author":1,"featured_media":866,"comment_status":"open","ping_status":"open","sticky":false,"template":"","format":"standard","meta":{"footnotes":""},"categories":[4],"tags":[],"class_list":["post-865","post","type-post","status-publish","format-standard","has-post-thumbnail","hentry","category-deportes"],"yoast_head":"<!-- This site is optimized with the Yoast SEO plugin v23.0 - https:\/\/yoast.com\/wordpress\/plugins\/seo\/ -->\n<title>La mala racha de Libertad se alarga tras nueva derrota - radiogzplus<\/title>\n<meta name=\"robots\" content=\"index, follow, max-snippet:-1, max-image-preview:large, max-video-preview:-1\" \/>\n<link rel=\"canonical\" href=\"https:\/\/radiogzplus.com\/index.php\/2026\/04\/28\/la-mala-racha-de-libertad-se-alarga-tras-nueva-derrota\/\" \/>\n<meta property=\"og:locale\" content=\"es_ES\" \/>\n<meta property=\"og:type\" content=\"article\" \/>\n<meta property=\"og:title\" content=\"La mala racha de Libertad se alarga tras nueva derrota - radiogzplus\" \/>\n<meta property=\"og:description\" content=\"Libertad FC no logra salir de su mal momento y cay\u00f3 3-0 en su visita a Macar\u00e1\u00a0en Ambato, por la fecha 11 de la LigaPro. Partido La tarde de este&hellip;\" \/>\n<meta property=\"og:url\" content=\"https:\/\/radiogzplus.com\/index.php\/2026\/04\/28\/la-mala-racha-de-libertad-se-alarga-tras-nueva-derrota\/\" \/>\n<meta property=\"og:site_name\" content=\"radiogzplus\" \/>\n<meta property=\"article:published_time\" content=\"2026-04-28T00:44:27+00:00\" \/>\n<meta property=\"article:modified_time\" content=\"2026-04-28T00:44:42+00:00\" \/>\n<meta property=\"og:image\" content=\"https:\/\/radiogzplus.com\/wp-content\/uploads\/2026\/04\/libertad-vs-macara.webp\" \/>\n\t<meta property=\"og:image:width\" content=\"800\" \/>\n\t<meta property=\"og:image:height\" content=\"400\" \/>\n\t<meta property=\"og:image:type\" content=\"image\/webp\" \/>\n<meta name=\"author\" content=\"admin\" \/>\n<meta name=\"twitter:card\" content=\"summary_large_image\" \/>\n<meta name=\"twitter:label1\" content=\"Escrito por\" \/>\n\t<meta name=\"twitter:data1\" content=\"admin\" \/>\n\t<meta name=\"twitter:label2\" content=\"Tiempo de lectura\" \/>\n\t<meta name=\"twitter:data2\" content=\"2 minutos\" \/>\n<script type=\"application\/ld+json\" class=\"yoast-schema-graph\">{\"@context\":\"https:\/\/schema.org\",\"@graph\":[{\"@type\":\"Article\",\"@id\":\"https:\/\/radiogzplus.com\/index.php\/2026\/04\/28\/la-mala-racha-de-libertad-se-alarga-tras-nueva-derrota\/#article\",\"isPartOf\":{\"@id\":\"https:\/\/radiogzplus.com\/index.php\/2026\/04\/28\/la-mala-racha-de-libertad-se-alarga-tras-nueva-derrota\/\"},\"author\":{\"name\":\"admin\",\"@id\":\"https:\/\/radiogzplus.com\/#\/schema\/person\/71395d567a4dc7edc00521a1fba73e88\"},\"headline\":\"La mala racha de Libertad se alarga tras nueva derrota\",\"datePublished\":\"2026-04-28T00:44:27+00:00\",\"dateModified\":\"2026-04-28T00:44:42+00:00\",\"mainEntityOfPage\":{\"@id\":\"https:\/\/radiogzplus.com\/index.php\/2026\/04\/28\/la-mala-racha-de-libertad-se-alarga-tras-nueva-derrota\/\"},\"wordCount\":150,\"commentCount\":0,\"publisher\":{\"@id\":\"https:\/\/radiogzplus.com\/#organization\"},\"image\":{\"@id\":\"https:\/\/radiogzplus.com\/index.php\/2026\/04\/28\/la-mala-racha-de-libertad-se-alarga-tras-nueva-derrota\/#primaryimage\"},\"thumbnailUrl\":\"https:\/\/radiogzplus.com\/wp-content\/uploads\/2026\/04\/libertad-vs-macara.webp\",\"articleSection\":[\"DEPORTES\"],\"inLanguage\":\"es\",\"potentialAction\":[{\"@type\":\"CommentAction\",\"name\":\"Comment\",\"target\":[\"https:\/\/radiogzplus.com\/index.php\/2026\/04\/28\/la-mala-racha-de-libertad-se-alarga-tras-nueva-derrota\/#respond\"]}]},{\"@type\":\"WebPage\",\"@id\":\"https:\/\/radiogzplus.com\/index.php\/2026\/04\/28\/la-mala-racha-de-libertad-se-alarga-tras-nueva-derrota\/\",\"url\":\"https:\/\/radiogzplus.com\/index.php\/2026\/04\/28\/la-mala-racha-de-libertad-se-alarga-tras-nueva-derrota\/\",\"name\":\"La mala racha de Libertad se alarga tras nueva derrota - radiogzplus\",\"isPartOf\":{\"@id\":\"https:\/\/radiogzplus.com\/#website\"},\"primaryImageOfPage\":{\"@id\":\"https:\/\/radiogzplus.com\/index.php\/2026\/04\/28\/la-mala-racha-de-libertad-se-alarga-tras-nueva-derrota\/#primaryimage\"},\"image\":{\"@id\":\"https:\/\/radiogzplus.com\/index.php\/2026\/04\/28\/la-mala-racha-de-libertad-se-alarga-tras-nueva-derrota\/#primaryimage\"},\"thumbnailUrl\":\"https:\/\/radiogzplus.com\/wp-content\/uploads\/2026\/04\/libertad-vs-macara.webp\",\"datePublished\":\"2026-04-28T00:44:27+00:00\",\"dateModified\":\"2026-04-28T00:44:42+00:00\",\"breadcrumb\":{\"@id\":\"https:\/\/radiogzplus.com\/index.php\/2026\/04\/28\/la-mala-racha-de-libertad-se-alarga-tras-nueva-derrota\/#breadcrumb\"},\"inLanguage\":\"es\",\"potentialAction\":[{\"@type\":\"ReadAction\",\"target\":[\"https:\/\/radiogzplus.com\/index.php\/2026\/04\/28\/la-mala-racha-de-libertad-se-alarga-tras-nueva-derrota\/\"]}]},{\"@type\":\"ImageObject\",\"inLanguage\":\"es\",\"@id\":\"https:\/\/radiogzplus.com\/index.php\/2026\/04\/28\/la-mala-racha-de-libertad-se-alarga-tras-nueva-derrota\/#primaryimage\",\"url\":\"https:\/\/radiogzplus.com\/wp-content\/uploads\/2026\/04\/libertad-vs-macara.webp\",\"contentUrl\":\"https:\/\/radiogzplus.com\/wp-content\/uploads\/2026\/04\/libertad-vs-macara.webp\",\"width\":800,\"height\":400},{\"@type\":\"BreadcrumbList\",\"@id\":\"https:\/\/radiogzplus.com\/index.php\/2026\/04\/28\/la-mala-racha-de-libertad-se-alarga-tras-nueva-derrota\/#breadcrumb\",\"itemListElement\":[{\"@type\":\"ListItem\",\"position\":1,\"name\":\"Portada\",\"item\":\"https:\/\/radiogzplus.com\/\"},{\"@type\":\"ListItem\",\"position\":2,\"name\":\"La mala racha de Libertad se alarga tras nueva derrota\"}]},{\"@type\":\"WebSite\",\"@id\":\"https:\/\/radiogzplus.com\/#website\",\"url\":\"https:\/\/radiogzplus.com\/\",\"name\":\"radiogzplus\",\"description\":\"\",\"publisher\":{\"@id\":\"https:\/\/radiogzplus.com\/#organization\"},\"potentialAction\":[{\"@type\":\"SearchAction\",\"target\":{\"@type\":\"EntryPoint\",\"urlTemplate\":\"https:\/\/radiogzplus.com\/?s={search_term_string}\"},\"query-input\":\"required name=search_term_string\"}],\"inLanguage\":\"es\"},{\"@type\":\"Organization\",\"@id\":\"https:\/\/radiogzplus.com\/#organization\",\"name\":\"radiogzplus\",\"url\":\"https:\/\/radiogzplus.com\/\",\"logo\":{\"@type\":\"ImageObject\",\"inLanguage\":\"es\",\"@id\":\"https:\/\/radiogzplus.com\/#\/schema\/logo\/image\/\",\"url\":\"https:\/\/radiogzplus.com\/wp-content\/uploads\/2024\/04\/cropped-logoradiowhasho.png\",\"contentUrl\":\"https:\/\/radiogzplus.com\/wp-content\/uploads\/2024\/04\/cropped-logoradiowhasho.png\",\"width\":378,\"height\":366,\"caption\":\"radiogzplus\"},\"image\":{\"@id\":\"https:\/\/radiogzplus.com\/#\/schema\/logo\/image\/\"}},{\"@type\":\"Person\",\"@id\":\"https:\/\/radiogzplus.com\/#\/schema\/person\/71395d567a4dc7edc00521a1fba73e88\",\"name\":\"admin\",\"image\":{\"@type\":\"ImageObject\",\"inLanguage\":\"es\",\"@id\":\"https:\/\/radiogzplus.com\/#\/schema\/person\/image\/\",\"url\":\"https:\/\/secure.gravatar.com\/avatar\/2569dc6d4570d93c9f94e17a159eaaadc542c0a824b876bb92f5234a0e6fdb75?s=96&d=mm&r=g\",\"contentUrl\":\"https:\/\/secure.gravatar.com\/avatar\/2569dc6d4570d93c9f94e17a159eaaadc542c0a824b876bb92f5234a0e6fdb75?s=96&d=mm&r=g\",\"caption\":\"admin\"},\"sameAs\":[\"https:\/\/radiogzplus.com\"],\"url\":\"https:\/\/radiogzplus.com\/index.php\/author\/radiogzplus\/\"}]}<\/script>\n<!-- \/ Yoast SEO plugin. -->","yoast_head_json":{"title":"La mala racha de Libertad se alarga tras nueva derrota - radiogzplus","robots":{"index":"index","follow":"follow","max-snippet":"max-snippet:-1","max-image-preview":"max-image-preview:large","max-video-preview":"max-video-preview:-1"},"canonical":"https:\/\/radiogzplus.com\/index.php\/2026\/04\/28\/la-mala-racha-de-libertad-se-alarga-tras-nueva-derrota\/","og_locale":"es_ES","og_type":"article","og_title":"La mala racha de Libertad se alarga tras nueva derrota - radiogzplus","og_description":"Libertad FC no logra salir de su mal momento y cay\u00f3 3-0 en su visita a Macar\u00e1\u00a0en Ambato, por la fecha 11 de la LigaPro. Partido La tarde de este&hellip;","og_url":"https:\/\/radiogzplus.com\/index.php\/2026\/04\/28\/la-mala-racha-de-libertad-se-alarga-tras-nueva-derrota\/","og_site_name":"radiogzplus","article_published_time":"2026-04-28T00:44:27+00:00","article_modified_time":"2026-04-28T00:44:42+00:00","og_image":[{"width":800,"height":400,"url":"https:\/\/radiogzplus.com\/wp-content\/uploads\/2026\/04\/libertad-vs-macara.webp","type":"image\/webp"}],"author":"admin","twitter_card":"summary_large_image","twitter_misc":{"Escrito por":"admin","Tiempo de lectura":"2 minutos"},"schema":{"@context":"https:\/\/schema.org","@graph":[{"@type":"Article","@id":"https:\/\/radiogzplus.com\/index.php\/2026\/04\/28\/la-mala-racha-de-libertad-se-alarga-tras-nueva-derrota\/#article","isPartOf":{"@id":"https:\/\/radiogzplus.com\/index.php\/2026\/04\/28\/la-mala-racha-de-libertad-se-alarga-tras-nueva-derrota\/"},"author":{"name":"admin","@id":"https:\/\/radiogzplus.com\/#\/schema\/person\/71395d567a4dc7edc00521a1fba73e88"},"headline":"La mala racha de Libertad se alarga tras nueva derrota","datePublished":"2026-04-28T00:44:27+00:00","dateModified":"2026-04-28T00:44:42+00:00","mainEntityOfPage":{"@id":"https:\/\/radiogzplus.com\/index.php\/2026\/04\/28\/la-mala-racha-de-libertad-se-alarga-tras-nueva-derrota\/"},"wordCount":150,"commentCount":0,"publisher":{"@id":"https:\/\/radiogzplus.com\/#organization"},"image":{"@id":"https:\/\/radiogzplus.com\/index.php\/2026\/04\/28\/la-mala-racha-de-libertad-se-alarga-tras-nueva-derrota\/#primaryimage"},"thumbnailUrl":"https:\/\/radiogzplus.com\/wp-content\/uploads\/2026\/04\/libertad-vs-macara.webp","articleSection":["DEPORTES"],"inLanguage":"es","potentialAction":[{"@type":"CommentAction","name":"Comment","target":["https:\/\/radiogzplus.com\/index.php\/2026\/04\/28\/la-mala-racha-de-libertad-se-alarga-tras-nueva-derrota\/#respond"]}]},{"@type":"WebPage","@id":"https:\/\/radiogzplus.com\/index.php\/2026\/04\/28\/la-mala-racha-de-libertad-se-alarga-tras-nueva-derrota\/","url":"https:\/\/radiogzplus.com\/index.php\/2026\/04\/28\/la-mala-racha-de-libertad-se-alarga-tras-nueva-derrota\/","name":"La mala racha de Libertad se alarga tras nueva derrota - radiogzplus","isPartOf":{"@id":"https:\/\/radiogzplus.com\/#website"},"primaryImageOfPage":{"@id":"https:\/\/radiogzplus.com\/index.php\/2026\/04\/28\/la-mala-racha-de-libertad-se-alarga-tras-nueva-derrota\/#primaryimage"},"image":{"@id":"https:\/\/radiogzplus.com\/index.php\/2026\/04\/28\/la-mala-racha-de-libertad-se-alarga-tras-nueva-derrota\/#primaryimage"},"thumbnailUrl":"https:\/\/radiogzplus.com\/wp-content\/uploads\/2026\/04\/libertad-vs-macara.webp","datePublished":"2026-04-28T00:44:27+00:00","dateModified":"2026-04-28T00:44:42+00:00","breadcrumb":{"@id":"https:\/\/radiogzplus.com\/index.php\/2026\/04\/28\/la-mala-racha-de-libertad-se-alarga-tras-nueva-derrota\/#breadcrumb"},"inLanguage":"es","potentialAction":[{"@type":"ReadAction","target":["https:\/\/radiogzplus.com\/index.php\/2026\/04\/28\/la-mala-racha-de-libertad-se-alarga-tras-nueva-derrota\/"]}]},{"@type":"ImageObject","inLanguage":"es","@id":"https:\/\/radiogzplus.com\/index.php\/2026\/04\/28\/la-mala-racha-de-libertad-se-alarga-tras-nueva-derrota\/#primaryimage","url":"https:\/\/radiogzplus.com\/wp-content\/uploads\/2026\/04\/libertad-vs-macara.webp","contentUrl":"https:\/\/radiogzplus.com\/wp-content\/uploads\/2026\/04\/libertad-vs-macara.webp","width":800,"height":400},{"@type":"BreadcrumbList","@id":"https:\/\/radiogzplus.com\/index.php\/2026\/04\/28\/la-mala-racha-de-libertad-se-alarga-tras-nueva-derrota\/#breadcrumb","itemListElement":[{"@type":"ListItem","position":1,"name":"Portada","item":"https:\/\/radiogzplus.com\/"},{"@type":"ListItem","position":2,"name":"La mala racha de Libertad se alarga tras nueva derrota"}]},{"@type":"WebSite","@id":"https:\/\/radiogzplus.com\/#website","url":"https:\/\/radiogzplus.com\/","name":"radiogzplus","description":"","publisher":{"@id":"https:\/\/radiogzplus.com\/#organization"},"potentialAction":[{"@type":"SearchAction","target":{"@type":"EntryPoint","urlTemplate":"https:\/\/radiogzplus.com\/?s={search_term_string}"},"query-input":"required name=search_term_string"}],"inLanguage":"es"},{"@type":"Organization","@id":"https:\/\/radiogzplus.com\/#organization","name":"radiogzplus","url":"https:\/\/radiogzplus.com\/","logo":{"@type":"ImageObject","inLanguage":"es","@id":"https:\/\/radiogzplus.com\/#\/schema\/logo\/image\/","url":"https:\/\/radiogzplus.com\/wp-content\/uploads\/2024\/04\/cropped-logoradiowhasho.png","contentUrl":"https:\/\/radiogzplus.com\/wp-content\/uploads\/2024\/04\/cropped-logoradiowhasho.png","width":378,"height":366,"caption":"radiogzplus"},"image":{"@id":"https:\/\/radiogzplus.com\/#\/schema\/logo\/image\/"}},{"@type":"Person","@id":"https:\/\/radiogzplus.com\/#\/schema\/person\/71395d567a4dc7edc00521a1fba73e88","name":"admin","image":{"@type":"ImageObject","inLanguage":"es","@id":"https:\/\/radiogzplus.com\/#\/schema\/person\/image\/","url":"https:\/\/secure.gravatar.com\/avatar\/2569dc6d4570d93c9f94e17a159eaaadc542c0a824b876bb92f5234a0e6fdb75?s=96&d=mm&r=g","contentUrl":"https:\/\/secure.gravatar.com\/avatar\/2569dc6d4570d93c9f94e17a159eaaadc542c0a824b876bb92f5234a0e6fdb75?s=96&d=mm&r=g","caption":"admin"},"sameAs":["https:\/\/radiogzplus.com"],"url":"https:\/\/radiogzplus.com\/index.php\/author\/radiogzplus\/"}]}},"_links":{"self":[{"href":"https:\/\/radiogzplus.com\/index.php\/wp-json\/wp\/v2\/posts\/865","targetHints":{"allow":["GET"]}}],"collection":[{"href":"https:\/\/radiogzplus.com\/index.php\/wp-json\/wp\/v2\/posts"}],"about":[{"href":"https:\/\/radiogzplus.com\/index.php\/wp-json\/wp\/v2\/types\/post"}],"author":[{"embeddable":true,"href":"https:\/\/radiogzplus.com\/index.php\/wp-json\/wp\/v2\/users\/1"}],"replies":[{"embeddable":true,"href":"https:\/\/radiogzplus.com\/index.php\/wp-json\/wp\/v2\/comments?post=865"}],"version-history":[{"count":1,"href":"https:\/\/radiogzplus.com\/index.php\/wp-json\/wp\/v2\/posts\/865\/revisions"}],"predecessor-version":[{"id":867,"href":"https:\/\/radiogzplus.com\/index.php\/wp-json\/wp\/v2\/posts\/865\/revisions\/867"}],"wp:featuredmedia":[{"embeddable":true,"href":"https:\/\/radiogzplus.com\/index.php\/wp-json\/wp\/v2\/media\/866"}],"wp:attachment":[{"href":"https:\/\/radiogzplus.com\/index.php\/wp-json\/wp\/v2\/media?parent=865"}],"wp:term":[{"taxonomy":"category","embeddable":true,"href":"https:\/\/radiogzplus.com\/index.php\/wp-json\/wp\/v2\/categories?post=865"},{"taxonomy":"post_tag","embeddable":true,"href":"https:\/\/radiogzplus.com\/index.php\/wp-json\/wp\/v2\/tags?post=865"}],"curies":[{"name":"wp","href":"https:\/\/api.w.org\/{rel}","templated":true}]}}